{"id":1288,"date":"2019-09-30T10:52:17","date_gmt":"2019-09-30T10:52:17","guid":{"rendered":"https:\/\/vidaltech.net\/?p=1288"},"modified":"2021-02-25T08:51:22","modified_gmt":"2021-02-25T08:51:22","slug":"catala-vidaltech-sera-present-al-salon-industrial-siane-2019","status":"publish","type":"post","link":"https:\/\/vidaltech.net\/ca\/catala-vidaltech-sera-present-al-salon-industrial-siane-2019\/","title":{"rendered":"VidalTech participa al Salon Siane 2019"},"content":{"rendered":"La nostra empresa ser\u00e0 present al <a href=\"https:\/\/www.salonsiane.com\" target=\"_blank\" rel=\"noopener noreferrer\">Salon Siane 2019<\/a> que es celebrar\u00e0 a Toulouse (FRA) entre els dies 22 i 24 d\u00b4octubre. \u00a0Salon Siane \u00e9s la principal fira de subcontractaci\u00f3 industrial del Sud de Fran\u00e7a, una \u00e0rea de gran desenvolupament i amb pres\u00e8ncia d\u00b4empreses de diversos sectors, entre els quals destaca l\u00b4aeroespacial.<\/p>\n<p>Vidaltech ha empr\u00e8s una etapa d\u00b4internacionalitzaci\u00f3 de les seves activitats i amb aquesta iniciativa \u00a0cerca noves oportunitats en un mercat en el que ja es troba operant actualment.<\/p>\n<p>Us eperem al nostre <a href=\"http:\/\/ext.salonsiane.com\/ListeDesExposants\/detail.php?codeExposants=504\" target=\"_blank\" rel=\"noopener noreferrer\">stand 5P07 al Hall 5<\/a>,","protected":false},"excerpt":{"rendered":"<p>La nostra empresa ser\u00e0 present al Salon Siane 2019 que es celebrar\u00e0 a Toulouse (FRA) entre els dies 22 i 24 d\u00b4octubre. \u00a0Salon Siane \u00e9s la principal fira de subcontractaci\u00f3 industrial del Sud de Fran\u00e7a, una \u00e0rea de gran desenvolupament i amb pres\u00e8ncia d\u00b4empreses de diversos sectors, entre els quals destaca l\u00b4aeroespacial. Vidaltech ha empr\u00e8s&#8230;<\/p>\n","protected":false},"author":1,"featured_media":1294,"comment_status":"closed","ping_status":"closed","sticky":false,"template":"","format":"standard","meta":{"footnotes":""},"categories":[10],"tags":[8,7],"class_list":["post-1288","post","type-post","status-publish","format-standard","has-post-thumbnail","hentry","category-actualidad-vidaltech","tag-siane","tag-vidaltech"],"_links":{"self":[{"href":"https:\/\/vidaltech.net\/ca\/wp-json\/wp\/v2\/posts\/1288","targetHints":{"allow":["GET"]}}],"collection":[{"href":"https:\/\/vidaltech.net\/ca\/wp-json\/wp\/v2\/posts"}],"about":[{"href":"https:\/\/vidaltech.net\/ca\/wp-json\/wp\/v2\/types\/post"}],"author":[{"embeddable":true,"href":"https:\/\/vidaltech.net\/ca\/wp-json\/wp\/v2\/users\/1"}],"replies":[{"embeddable":true,"href":"https:\/\/vidaltech.net\/ca\/wp-json\/wp\/v2\/comments?post=1288"}],"version-history":[{"count":0,"href":"https:\/\/vidaltech.net\/ca\/wp-json\/wp\/v2\/posts\/1288\/revisions"}],"wp:featuredmedia":[{"embeddable":true,"href":"https:\/\/vidaltech.net\/ca\/wp-json\/wp\/v2\/media\/1294"}],"wp:attachment":[{"href":"https:\/\/vidaltech.net\/ca\/wp-json\/wp\/v2\/media?parent=1288"}],"wp:term":[{"taxonomy":"category","embeddable":true,"href":"https:\/\/vidaltech.net\/ca\/wp-json\/wp\/v2\/categories?post=1288"},{"taxonomy":"post_tag","embeddable":true,"href":"https:\/\/vidaltech.net\/ca\/wp-json\/wp\/v2\/tags?post=1288"}],"curies":[{"name":"wp","href":"https:\/\/api.w.org\/{rel}","templated":true}]}}