{"id":431,"date":"2019-07-09T11:29:10","date_gmt":"2019-07-09T11:29:10","guid":{"rendered":"http:\/\/vidaltech.net\/?p=431"},"modified":"2021-02-25T08:51:32","modified_gmt":"2021-02-25T08:51:32","slug":"vidaltech-participa-al-projecte-xpande-digital","status":"publish","type":"post","link":"https:\/\/vidaltech.net\/ca\/vidaltech-participa-al-projecte-xpande-digital\/","title":{"rendered":"VidalTech participa al projecte Xpande Digital"},"content":{"rendered":"<a ref=\"magnificPopup\" href=\"http:\/\/vidaltech.net\/wp-content\/uploads\/2019\/07\/logo-FEDER.jpg\"><img loading=\"lazy\" decoding=\"async\" class=\"size-medium wp-image-851 alignright\" src=\"http:\/\/vidaltech.net\/wp-content\/uploads\/2019\/07\/logo-FEDER-300x260.jpg\" alt=\"\" width=\"300\" height=\"260\" srcset=\"https:\/\/vidaltech.net\/wp-content\/uploads\/2019\/07\/logo-FEDER-300x260.jpg 300w, https:\/\/vidaltech.net\/wp-content\/uploads\/2019\/07\/logo-FEDER-650x563.jpg 650w, https:\/\/vidaltech.net\/wp-content\/uploads\/2019\/07\/logo-FEDER.jpg 1000w\" sizes=\"auto, (max-width: 300px) 100vw, 300px\" \/><\/a>El projecte, amb el suport de la <strong>Cambra de Comer\u00e7 de Manresa<\/strong> i amb el suport del <strong>Fons Europeu de Desenvolupament Regional (FEDER)<\/strong>, t\u00e9 com a objectiu potenciar la pres\u00e8ncia internacional d&#8217;empreses a trav\u00e9s d&#8217;Internet.<\/p>\n<p>Aquest canal de comunicaci\u00f3, \u00e9s especialment \u00fatil dins del context del B2B (Business to Business) per dirigir-se a potencials interlocutors industrials, i en aquest cas tamb\u00e9 per a la internacionalitzaci\u00f3 de les activitats empresarials.<\/p>\n<p>La pres\u00e8ncia a la Xarxa \u00e9s cada vegada m\u00e9s imprescindible i requereix d&#8217;un treball interdisciplinari molt acurat per dotar de continguts, formats i eines que facilitin una efectiva transmissi\u00f3 de les capacitats i possibilitats de les empreses al servei dels mercats al que es poden adre\u00e7ar.","protected":false},"excerpt":{"rendered":"<p>El projecte, amb el suport de la Cambra de Comer\u00e7 de Manresa i amb el suport del Fons Europeu de Desenvolupament Regional (FEDER), t\u00e9 com a objectiu potenciar la pres\u00e8ncia internacional d&#8217;empreses a trav\u00e9s d&#8217;Internet. Aquest canal de comunicaci\u00f3, \u00e9s especialment \u00fatil dins del context del B2B (Business to Business) per dirigir-se a potencials interlocutors&#8230;<\/p>\n","protected":false},"author":1,"featured_media":588,"comment_status":"open","ping_status":"open","sticky":false,"template":"","format":"standard","meta":{"footnotes":""},"categories":[10],"tags":[],"class_list":["post-431","post","type-post","status-publish","format-standard","has-post-thumbnail","hentry","category-actualidad-vidaltech"],"_links":{"self":[{"href":"https:\/\/vidaltech.net\/ca\/wp-json\/wp\/v2\/posts\/431","targetHints":{"allow":["GET"]}}],"collection":[{"href":"https:\/\/vidaltech.net\/ca\/wp-json\/wp\/v2\/posts"}],"about":[{"href":"https:\/\/vidaltech.net\/ca\/wp-json\/wp\/v2\/types\/post"}],"author":[{"embeddable":true,"href":"https:\/\/vidaltech.net\/ca\/wp-json\/wp\/v2\/users\/1"}],"replies":[{"embeddable":true,"href":"https:\/\/vidaltech.net\/ca\/wp-json\/wp\/v2\/comments?post=431"}],"version-history":[{"count":0,"href":"https:\/\/vidaltech.net\/ca\/wp-json\/wp\/v2\/posts\/431\/revisions"}],"wp:featuredmedia":[{"embeddable":true,"href":"https:\/\/vidaltech.net\/ca\/wp-json\/wp\/v2\/media\/588"}],"wp:attachment":[{"href":"https:\/\/vidaltech.net\/ca\/wp-json\/wp\/v2\/media?parent=431"}],"wp:term":[{"taxonomy":"category","embeddable":true,"href":"https:\/\/vidaltech.net\/ca\/wp-json\/wp\/v2\/categories?post=431"},{"taxonomy":"post_tag","embeddable":true,"href":"https:\/\/vidaltech.net\/ca\/wp-json\/wp\/v2\/tags?post=431"}],"curies":[{"name":"wp","href":"https:\/\/api.w.org\/{rel}","templated":true}]}}