{"id":431,"date":"2019-07-09T11:29:10","date_gmt":"2019-07-09T11:29:10","guid":{"rendered":"http:\/\/vidaltech.net\/?p=431"},"modified":"2021-02-25T08:51:32","modified_gmt":"2021-02-25T08:51:32","slug":"vidaltech-participa-al-projecte-xpande-digital","status":"publish","type":"post","link":"https:\/\/vidaltech.net\/fr\/vidaltech-participa-al-projecte-xpande-digital\/","title":{"rendered":"Vidaltech participe au projet Xpande Digital"},"content":{"rendered":"<a ref=\"magnificPopup\" href=\"http:\/\/vidaltech.net\/wp-content\/uploads\/2019\/07\/logo-FEDER.jpg\"><img loading=\"lazy\" decoding=\"async\" class=\"size-medium wp-image-851 alignright\" src=\"http:\/\/vidaltech.net\/wp-content\/uploads\/2019\/07\/logo-FEDER-300x260.jpg\" alt=\"\" width=\"300\" height=\"260\" srcset=\"https:\/\/vidaltech.net\/wp-content\/uploads\/2019\/07\/logo-FEDER-300x260.jpg 300w, https:\/\/vidaltech.net\/wp-content\/uploads\/2019\/07\/logo-FEDER-650x563.jpg 650w, https:\/\/vidaltech.net\/wp-content\/uploads\/2019\/07\/logo-FEDER.jpg 1000w\" sizes=\"auto, (max-width: 300px) 100vw, 300px\" \/><\/a>Le projet, soutenu par la <a href=\"https:\/\/www.cambramanresa.cat\" target=\"_blank\" rel=\"noopener noreferrer\"><strong>Chambre de Commerce de Manresa<\/strong><\/a>, et par le Fonds europ\u00e9en de d\u00e9veloppement r\u00e9gional <strong>FEDER<\/strong>, a pour objectif de <strong>renforcer la pr\u00e9sence internationale des entreprises au travers d\u2019Internet.<\/strong><\/p>\n<p>Cette cha\u00eene de communication est particuli\u00e8rement utile au sein du contexte <strong>B2B pour s&rsquo;adresser aux \u00e9ventuels interlocuteurs industriels,<\/strong> et dans ce cas, elle sert \u00e9galement \u00e0 <strong>internationaliser les activit\u00e9s commerciales.<\/strong><\/p>\n<p>La pr\u00e9sence sur la Toile est de plus en plus indispensable, et exige un travail interdisciplinaire plus pr\u00e9cis pour doter de contenus, de formats et d\u2019outils permettant une transmission efficace des capacit\u00e9s et des possibilit\u00e9s des entreprises aux march\u00e9s auxquels elles peuvent s\u2019adresser.<\/p>\n<p>&nbsp;","protected":false},"excerpt":{"rendered":"<p>Le projet, soutenu par la Chambre de Commerce de Manresa, et par le Fonds europ\u00e9en de d\u00e9veloppement r\u00e9gional FEDER, a pour objectif de renforcer la pr\u00e9sence internationale des entreprises au travers d\u2019Internet. Cette cha\u00eene de communication est particuli\u00e8rement utile au sein du contexte B2B pour s&rsquo;adresser aux \u00e9ventuels interlocuteurs industriels, et dans ce cas, elle&#8230;<\/p>\n","protected":false},"author":1,"featured_media":588,"comment_status":"open","ping_status":"open","sticky":false,"template":"","format":"standard","meta":{"footnotes":""},"categories":[10],"tags":[],"class_list":["post-431","post","type-post","status-publish","format-standard","has-post-thumbnail","hentry","category-actualidad-vidaltech"],"_links":{"self":[{"href":"https:\/\/vidaltech.net\/fr\/wp-json\/wp\/v2\/posts\/431","targetHints":{"allow":["GET"]}}],"collection":[{"href":"https:\/\/vidaltech.net\/fr\/wp-json\/wp\/v2\/posts"}],"about":[{"href":"https:\/\/vidaltech.net\/fr\/wp-json\/wp\/v2\/types\/post"}],"author":[{"embeddable":true,"href":"https:\/\/vidaltech.net\/fr\/wp-json\/wp\/v2\/users\/1"}],"replies":[{"embeddable":true,"href":"https:\/\/vidaltech.net\/fr\/wp-json\/wp\/v2\/comments?post=431"}],"version-history":[{"count":0,"href":"https:\/\/vidaltech.net\/fr\/wp-json\/wp\/v2\/posts\/431\/revisions"}],"wp:featuredmedia":[{"embeddable":true,"href":"https:\/\/vidaltech.net\/fr\/wp-json\/wp\/v2\/media\/588"}],"wp:attachment":[{"href":"https:\/\/vidaltech.net\/fr\/wp-json\/wp\/v2\/media?parent=431"}],"wp:term":[{"taxonomy":"category","embeddable":true,"href":"https:\/\/vidaltech.net\/fr\/wp-json\/wp\/v2\/categories?post=431"},{"taxonomy":"post_tag","embeddable":true,"href":"https:\/\/vidaltech.net\/fr\/wp-json\/wp\/v2\/tags?post=431"}],"curies":[{"name":"wp","href":"https:\/\/api.w.org\/{rel}","templated":true}]}}